{"id":56647,"date":"2015-03-10T23:25:20","date_gmt":"2015-03-10T23:25:20","guid":{"rendered":"http:\/\/linux07.aufildudoux.fr\/?p=56647"},"modified":"2015-03-10T23:25:20","modified_gmt":"2015-03-10T23:25:20","slug":"appel-pour-la-creation-dune-association-dentraide-gnulinux","status":"publish","type":"post","link":"https:\/\/www.rodinux.fr\/blog\/appel-pour-la-creation-dune-association-dentraide-gnulinux\/","title":{"rendered":"Appel pour la cr\u00e9ation d&#039;une association d&#039;entraide GNU\/Linux"},"content":{"rendered":"<p>Bonjour,<br \/>\nNous nous \u00e9tions lass\u00e9 de continuer \u00e0 entreprendre des soir\u00e9es du Libre, car pas assez de personnes ne r\u00e9pondaient pr\u00e9sent. Mais pourtant beaucoup de personnes me demande quand est-ce que cela va se reproduire. Mais nous avons encore de la motivation pour reprendre des rencontres afin de s&rsquo;entraider, d&rsquo;apprendre et d&rsquo;\u00e9changer nos connaissances autour des logiciels libres et des syst\u00e8mes d&rsquo;exploitation GNU\/Linux. L&rsquo;envie de cr\u00e9er des ateliers \u00e0 th\u00e8mes, des d\u00e9bats, des rencontres et des installparty nous pr\u00e9occupe et pour cela nous voudrions cr\u00e9er une association qui nous permettrait d&rsquo;\u00eatre visibles et de trouver un lieu pour cr\u00e9er ces activit\u00e9s.<br \/>\nNous sommes donc \u00e0 la recherche d&rsquo;un volontaire (ou plusieurs) pour monter cette association en bon et due forme. Nous acceptons toute bonne volont\u00e9.<a href=\"http:\/\/linux07.aufildudoux.fr\/wp-content\/uploads\/sites\/15\/2013\/11\/tapety_linux.1.jpg\"><img loading=\"lazy\" decoding=\"async\" class=\"alignnone size-medium wp-image-56591\" src=\"http:\/\/linux07.aufildudoux.fr\/wp-content\/uploads\/sites\/15\/2013\/11\/tapety_linux.1-300x225.jpg\" alt=\"tapety_linux.1\" width=\"300\" height=\"225\" srcset=\"https:\/\/www.rodinux.fr\/blog\/wp-content\/uploads\/2013\/11\/tapety_linux.1-300x225.jpg 300w, https:\/\/www.rodinux.fr\/blog\/wp-content\/uploads\/2013\/11\/tapety_linux.1-768x576.jpg 768w, https:\/\/www.rodinux.fr\/blog\/wp-content\/uploads\/2013\/11\/tapety_linux.1.jpg 1024w\" sizes=\"(max-width: 300px) 100vw, 300px\" \/><\/a><br \/>\nN&rsquo;h\u00e9sitez pas \u00e0 nous rejoindre sur la banquise, plus on est de pingouins et plus on s&rsquo;\u00e9clatera !<\/p>\n","protected":false},"excerpt":{"rendered":"<p>Bonjour, Nous nous \u00e9tions lass\u00e9 de continuer \u00e0 entreprendre des soir\u00e9es du Libre, car pas assez de personnes ne r\u00e9pondaient pr\u00e9sent. Mais pourtant beaucoup de personnes me demande quand est-ce que cela va se reproduire. Mais nous avons encore de<\/p>\n","protected":false},"author":1,"featured_media":0,"comment_status":"open","ping_status":"open","sticky":false,"template":"","format":"standard","meta":{"footnotes":""},"categories":[4,5,6,10],"tags":[23,30,55],"class_list":["post-56647","post","type-post","status-publish","format-standard","hentry","category-evenements","category-gnulinux","category-linux07","category-projets","tag-association","tag-creation","tag-linux07"],"aioseo_notices":[],"_links":{"self":[{"href":"https:\/\/www.rodinux.fr\/blog\/wp-json\/wp\/v2\/posts\/56647"}],"collection":[{"href":"https:\/\/www.rodinux.fr\/blog\/wp-json\/wp\/v2\/posts"}],"about":[{"href":"https:\/\/www.rodinux.fr\/blog\/wp-json\/wp\/v2\/types\/post"}],"author":[{"embeddable":true,"href":"https:\/\/www.rodinux.fr\/blog\/wp-json\/wp\/v2\/users\/1"}],"replies":[{"embeddable":true,"href":"https:\/\/www.rodinux.fr\/blog\/wp-json\/wp\/v2\/comments?post=56647"}],"version-history":[{"count":0,"href":"https:\/\/www.rodinux.fr\/blog\/wp-json\/wp\/v2\/posts\/56647\/revisions"}],"wp:attachment":[{"href":"https:\/\/www.rodinux.fr\/blog\/wp-json\/wp\/v2\/media?parent=56647"}],"wp:term":[{"taxonomy":"category","embeddable":true,"href":"https:\/\/www.rodinux.fr\/blog\/wp-json\/wp\/v2\/categories?post=56647"},{"taxonomy":"post_tag","embeddable":true,"href":"https:\/\/www.rodinux.fr\/blog\/wp-json\/wp\/v2\/tags?post=56647"}],"curies":[{"name":"wp","href":"https:\/\/api.w.org\/{rel}","templated":true}]}}